{"id":3458,"date":"2025-03-17T09:35:09","date_gmt":"2025-03-17T08:35:09","guid":{"rendered":"https:\/\/bjornfjell.com\/?p=3458"},"modified":"2025-07-23T12:44:46","modified_gmt":"2025-07-23T10:44:46","slug":"strikkehelgen-med-sisu-utsatt-til-hosten-2025","status":"publish","type":"post","link":"https:\/\/bjornfjell.com\/no\/2025\/03\/17\/strikkehelgen-med-sisu-utsatt-til-hosten-2025\/","title":{"rendered":"Strikkehelgen med Sisu utsatt til h\u00f8sten 2025"},"content":{"rendered":"\n<figure class=\"wp-block-image size-large\"><img data-recalc-dims=\"1\" loading=\"lazy\" decoding=\"async\" width=\"1024\" height=\"1024\" data-attachment-id=\"3459\" data-permalink=\"https:\/\/bjornfjell.com\/no\/2025\/03\/17\/strikkehelgen-med-sisu-utsatt-til-hosten-2025\/strikkehelg-med-sisu-utsatt\/\" data-orig-file=\"https:\/\/i0.wp.com\/bjornfjell.com\/wp-content\/uploads\/2025\/03\/STRIKKEHELG-MED-SISU-Utsatt.png?fit=1080%2C1080&amp;ssl=1\" data-orig-size=\"1080,1080\" data-comments-opened=\"0\" data-image-meta=\"{&quot;aperture&quot;:&quot;0&quot;,&quot;credit&quot;:&quot;&quot;,&quot;camera&quot;:&quot;&quot;,&quot;caption&quot;:&quot;&quot;,&quot;created_timestamp&quot;:&quot;0&quot;,&quot;copyright&quot;:&quot;&quot;,&quot;focal_length&quot;:&quot;0&quot;,&quot;iso&quot;:&quot;0&quot;,&quot;shutter_speed&quot;:&quot;0&quot;,&quot;title&quot;:&quot;&quot;,&quot;orientation&quot;:&quot;0&quot;}\" data-image-title=\"STRIKKEHELG MED SISU &amp;#8211; Utsatt\" data-image-description=\"\" data-image-caption=\"\" data-large-file=\"https:\/\/i0.wp.com\/bjornfjell.com\/wp-content\/uploads\/2025\/03\/STRIKKEHELG-MED-SISU-Utsatt.png?fit=1024%2C1024&amp;ssl=1\" src=\"https:\/\/i0.wp.com\/bjornfjell.com\/wp-content\/uploads\/2025\/03\/STRIKKEHELG-MED-SISU-Utsatt.png?resize=1024%2C1024&#038;ssl=1\" alt=\"\" class=\"wp-image-3459\" srcset=\"https:\/\/i0.wp.com\/bjornfjell.com\/wp-content\/uploads\/2025\/03\/STRIKKEHELG-MED-SISU-Utsatt.png?resize=1024%2C1024&amp;ssl=1 1024w, https:\/\/i0.wp.com\/bjornfjell.com\/wp-content\/uploads\/2025\/03\/STRIKKEHELG-MED-SISU-Utsatt.png?resize=300%2C300&amp;ssl=1 300w, https:\/\/i0.wp.com\/bjornfjell.com\/wp-content\/uploads\/2025\/03\/STRIKKEHELG-MED-SISU-Utsatt.png?resize=150%2C150&amp;ssl=1 150w, https:\/\/i0.wp.com\/bjornfjell.com\/wp-content\/uploads\/2025\/03\/STRIKKEHELG-MED-SISU-Utsatt.png?resize=768%2C768&amp;ssl=1 768w, https:\/\/i0.wp.com\/bjornfjell.com\/wp-content\/uploads\/2025\/03\/STRIKKEHELG-MED-SISU-Utsatt.png?resize=800%2C800&amp;ssl=1 800w, https:\/\/i0.wp.com\/bjornfjell.com\/wp-content\/uploads\/2025\/03\/STRIKKEHELG-MED-SISU-Utsatt.png?resize=600%2C600&amp;ssl=1 600w, https:\/\/i0.wp.com\/bjornfjell.com\/wp-content\/uploads\/2025\/03\/STRIKKEHELG-MED-SISU-Utsatt.png?resize=400%2C400&amp;ssl=1 400w, https:\/\/i0.wp.com\/bjornfjell.com\/wp-content\/uploads\/2025\/03\/STRIKKEHELG-MED-SISU-Utsatt.png?resize=200%2C200&amp;ssl=1 200w, https:\/\/i0.wp.com\/bjornfjell.com\/wp-content\/uploads\/2025\/03\/STRIKKEHELG-MED-SISU-Utsatt.png?w=1080&amp;ssl=1 1080w\" sizes=\"auto, (max-width: 1000px) 100vw, 1000px\" \/><\/figure>\n","protected":false},"excerpt":{"rendered":"","protected":false},"author":253302850,"featured_media":3459,"comment_status":"closed","ping_status":"open","sticky":false,"template":"","format":"standard","meta":{"_crdt_document":"","_uag_custom_page_level_css":"","site-sidebar-layout":"default","site-content-layout":"","ast-site-content-layout":"","site-content-style":"default","site-sidebar-style":"default","ast-global-header-display":"","ast-banner-title-visibility":"","ast-main-header-display":"","ast-hfb-above-header-display":"","ast-hfb-below-header-display":"","ast-hfb-mobile-header-display":"","site-post-title":"","ast-breadcrumbs-content":"","ast-featured-img":"","footer-sml-layout":"","theme-transparent-header-meta":"","adv-header-id-meta":"","stick-header-meta":"","header-above-stick-meta":"","header-main-stick-meta":"","header-below-stick-meta":"","astra-migrate-meta-layouts":"default","ast-page-background-enabled":"default","ast-page-background-meta":{"desktop":{"background-color":"var(--ast-global-color-4)","background-image":"","background-repeat":"repeat","background-position":"center center","background-size":"auto","background-attachment":"scroll","background-type":"","background-media":"","overlay-type":"","overlay-color":"","overlay-opacity":"","overlay-gradient":""},"tablet":{"background-color":"","background-image":"","background-repeat":"repeat","background-position":"center center","background-size":"auto","background-attachment":"scroll","background-type":"","background-media":"","overlay-type":"","overlay-color":"","overlay-opacity":"","overlay-gradient":""},"mobile":{"background-color":"","background-image":"","background-repeat":"repeat","background-position":"center center","background-size":"auto","background-attachment":"scroll","background-type":"","background-media":"","overlay-type":"","overlay-color":"","overlay-opacity":"","overlay-gradient":""}},"ast-content-background-meta":{"desktop":{"background-color":"var(--ast-global-color-5)","background-image":"","background-repeat":"repeat","background-position":"center center","background-size":"auto","background-attachment":"scroll","background-type":"","background-media":"","overlay-type":"","overlay-color":"","overlay-opacity":"","overlay-gradient":""},"tablet":{"background-color":"var(--ast-global-color-5)","background-image":"","background-repeat":"repeat","background-position":"center center","background-size":"auto","background-attachment":"scroll","background-type":"","background-media":"","overlay-type":"","overlay-color":"","overlay-opacity":"","overlay-gradient":""},"mobile":{"background-color":"var(--ast-global-color-5)","background-image":"","background-repeat":"repeat","background-position":"center center","background-size":"auto","background-attachment":"scroll","background-type":"","background-media":"","overlay-type":"","overlay-color":"","overlay-opacity":"","overlay-gradient":""}},"_jetpack_memberships_contains_paid_content":false,"footnotes":""},"categories":[126859],"tags":[],"class_list":["post-3458","post","type-post","status-publish","format-standard","has-post-thumbnail","hentry","category-uncategorized-no"],"yoast_head":"<!-- This site is optimized with the Yoast SEO plugin v27.5 - https:\/\/yoast.com\/product\/yoast-seo-wordpress\/ -->\n<title>Strikkehelgen med Sisu utsatt til h\u00f8sten 2025 - Bj\u00f8rnfjell Mountain Lodge<\/title>\n<meta name=\"description\" content=\"Strikkehelgen med Sisu er utsatt til h\u00f8sten 2025. Ny dato kommer snart!\" \/>\n<meta name=\"robots\" content=\"index, follow, max-snippet:-1, max-image-preview:large, max-video-preview:-1\" \/>\n<link rel=\"canonical\" href=\"https:\/\/bjornfjell.com\/no\/2025\/03\/17\/strikkehelgen-med-sisu-utsatt-til-hosten-2025\/\" \/>\n<meta property=\"og:locale\" content=\"nb_NO\" \/>\n<meta property=\"og:type\" content=\"article\" \/>\n<meta property=\"og:title\" content=\"Strikkehelgen med Sisu utsatt til h\u00f8sten 2025 - Bj\u00f8rnfjell Mountain Lodge\" \/>\n<meta property=\"og:description\" content=\"Strikkehelgen med Sisu er utsatt til h\u00f8sten 2025. Ny dato kommer snart!\" \/>\n<meta property=\"og:url\" content=\"https:\/\/bjornfjell.com\/no\/2025\/03\/17\/strikkehelgen-med-sisu-utsatt-til-hosten-2025\/\" \/>\n<meta property=\"og:site_name\" content=\"Bj\u00f8rnfjell Mountain Lodge\" \/>\n<meta property=\"article:publisher\" content=\"https:\/\/www.facebook.com\/bjornfjellmountainlodge\/\" \/>\n<meta property=\"article:published_time\" content=\"2025-03-17T08:35:09+00:00\" \/>\n<meta property=\"article:modified_time\" content=\"2025-07-23T10:44:46+00:00\" \/>\n<meta property=\"og:image\" content=\"https:\/\/bjornfjell.com\/wp-content\/uploads\/2025\/03\/STRIKKEHELG-MED-SISU-Utsatt.png\" \/>\n\t<meta property=\"og:image:width\" content=\"1080\" \/>\n\t<meta property=\"og:image:height\" content=\"1080\" \/>\n\t<meta property=\"og:image:type\" content=\"image\/png\" \/>\n<meta name=\"author\" content=\"Bj\u00f8rnfjell Mountain Lodge\" \/>\n<meta name=\"twitter:card\" content=\"summary_large_image\" \/>\n<meta name=\"twitter:label1\" content=\"Skrevet av\" \/>\n\t<meta name=\"twitter:data1\" content=\"Bj\u00f8rnfjell Mountain Lodge\" \/>\n\t<meta name=\"twitter:label2\" content=\"Ansl. lesetid\" \/>\n\t<meta name=\"twitter:data2\" content=\"1 minutt\" \/>\n<script type=\"application\/ld+json\" class=\"yoast-schema-graph\">{\"@context\":\"https:\\\/\\\/schema.org\",\"@graph\":[{\"@type\":\"Article\",\"@id\":\"https:\\\/\\\/bjornfjell.com\\\/no\\\/2025\\\/03\\\/17\\\/strikkehelgen-med-sisu-utsatt-til-hosten-2025\\\/#article\",\"isPartOf\":{\"@id\":\"https:\\\/\\\/bjornfjell.com\\\/no\\\/2025\\\/03\\\/17\\\/strikkehelgen-med-sisu-utsatt-til-hosten-2025\\\/\"},\"author\":{\"name\":\"Bj\u00f8rnfjell Mountain Lodge\",\"@id\":\"https:\\\/\\\/bjornfjell.com\\\/#\\\/schema\\\/person\\\/1acf4a6329cc27463a97b8da130a4a3f\"},\"headline\":\"Strikkehelgen med Sisu utsatt til h\u00f8sten 2025\",\"datePublished\":\"2025-03-17T08:35:09+00:00\",\"dateModified\":\"2025-07-23T10:44:46+00:00\",\"mainEntityOfPage\":{\"@id\":\"https:\\\/\\\/bjornfjell.com\\\/no\\\/2025\\\/03\\\/17\\\/strikkehelgen-med-sisu-utsatt-til-hosten-2025\\\/\"},\"wordCount\":7,\"publisher\":{\"@id\":\"https:\\\/\\\/bjornfjell.com\\\/#organization\"},\"image\":{\"@id\":\"https:\\\/\\\/bjornfjell.com\\\/no\\\/2025\\\/03\\\/17\\\/strikkehelgen-med-sisu-utsatt-til-hosten-2025\\\/#primaryimage\"},\"thumbnailUrl\":\"https:\\\/\\\/i0.wp.com\\\/bjornfjell.com\\\/wp-content\\\/uploads\\\/2025\\\/03\\\/STRIKKEHELG-MED-SISU-Utsatt.png?fit=1080%2C1080&ssl=1\",\"articleSection\":[\"Uncategorized @no\"],\"inLanguage\":\"nb-NO\"},{\"@type\":\"WebPage\",\"@id\":\"https:\\\/\\\/bjornfjell.com\\\/no\\\/2025\\\/03\\\/17\\\/strikkehelgen-med-sisu-utsatt-til-hosten-2025\\\/\",\"url\":\"https:\\\/\\\/bjornfjell.com\\\/no\\\/2025\\\/03\\\/17\\\/strikkehelgen-med-sisu-utsatt-til-hosten-2025\\\/\",\"name\":\"Strikkehelgen med Sisu utsatt til h\u00f8sten 2025 - Bj\u00f8rnfjell Mountain Lodge\",\"isPartOf\":{\"@id\":\"https:\\\/\\\/bjornfjell.com\\\/#website\"},\"primaryImageOfPage\":{\"@id\":\"https:\\\/\\\/bjornfjell.com\\\/no\\\/2025\\\/03\\\/17\\\/strikkehelgen-med-sisu-utsatt-til-hosten-2025\\\/#primaryimage\"},\"image\":{\"@id\":\"https:\\\/\\\/bjornfjell.com\\\/no\\\/2025\\\/03\\\/17\\\/strikkehelgen-med-sisu-utsatt-til-hosten-2025\\\/#primaryimage\"},\"thumbnailUrl\":\"https:\\\/\\\/i0.wp.com\\\/bjornfjell.com\\\/wp-content\\\/uploads\\\/2025\\\/03\\\/STRIKKEHELG-MED-SISU-Utsatt.png?fit=1080%2C1080&ssl=1\",\"datePublished\":\"2025-03-17T08:35:09+00:00\",\"dateModified\":\"2025-07-23T10:44:46+00:00\",\"description\":\"Strikkehelgen med Sisu er utsatt til h\u00f8sten 2025. Ny dato kommer snart!\",\"breadcrumb\":{\"@id\":\"https:\\\/\\\/bjornfjell.com\\\/no\\\/2025\\\/03\\\/17\\\/strikkehelgen-med-sisu-utsatt-til-hosten-2025\\\/#breadcrumb\"},\"inLanguage\":\"nb-NO\",\"potentialAction\":[{\"@type\":\"ReadAction\",\"target\":[\"https:\\\/\\\/bjornfjell.com\\\/no\\\/2025\\\/03\\\/17\\\/strikkehelgen-med-sisu-utsatt-til-hosten-2025\\\/\"]}]},{\"@type\":\"ImageObject\",\"inLanguage\":\"nb-NO\",\"@id\":\"https:\\\/\\\/bjornfjell.com\\\/no\\\/2025\\\/03\\\/17\\\/strikkehelgen-med-sisu-utsatt-til-hosten-2025\\\/#primaryimage\",\"url\":\"https:\\\/\\\/i0.wp.com\\\/bjornfjell.com\\\/wp-content\\\/uploads\\\/2025\\\/03\\\/STRIKKEHELG-MED-SISU-Utsatt.png?fit=1080%2C1080&ssl=1\",\"contentUrl\":\"https:\\\/\\\/i0.wp.com\\\/bjornfjell.com\\\/wp-content\\\/uploads\\\/2025\\\/03\\\/STRIKKEHELG-MED-SISU-Utsatt.png?fit=1080%2C1080&ssl=1\",\"width\":1080,\"height\":1080},{\"@type\":\"BreadcrumbList\",\"@id\":\"https:\\\/\\\/bjornfjell.com\\\/no\\\/2025\\\/03\\\/17\\\/strikkehelgen-med-sisu-utsatt-til-hosten-2025\\\/#breadcrumb\",\"itemListElement\":[{\"@type\":\"ListItem\",\"position\":1,\"name\":\"Home\",\"item\":\"https:\\\/\\\/bjornfjell.com\\\/no\\\/\"},{\"@type\":\"ListItem\",\"position\":2,\"name\":\"Strikkehelgen med Sisu utsatt til h\u00f8sten 2025\"}]},{\"@type\":\"WebSite\",\"@id\":\"https:\\\/\\\/bjornfjell.com\\\/#website\",\"url\":\"https:\\\/\\\/bjornfjell.com\\\/\",\"name\":\"Bj\u00f8rnfjell Mountain Lodge\",\"description\":\"Authentic Norwegian Accommodation &amp; Arctic Adventures\",\"publisher\":{\"@id\":\"https:\\\/\\\/bjornfjell.com\\\/#organization\"},\"potentialAction\":[{\"@type\":\"SearchAction\",\"target\":{\"@type\":\"EntryPoint\",\"urlTemplate\":\"https:\\\/\\\/bjornfjell.com\\\/?s={search_term_string}\"},\"query-input\":{\"@type\":\"PropertyValueSpecification\",\"valueRequired\":true,\"valueName\":\"search_term_string\"}}],\"inLanguage\":\"nb-NO\"},{\"@type\":\"Organization\",\"@id\":\"https:\\\/\\\/bjornfjell.com\\\/#organization\",\"name\":\"Bj\u00f8rnfjell Mountain Lodge\",\"url\":\"https:\\\/\\\/bjornfjell.com\\\/\",\"logo\":{\"@type\":\"ImageObject\",\"inLanguage\":\"nb-NO\",\"@id\":\"https:\\\/\\\/bjornfjell.com\\\/#\\\/schema\\\/logo\\\/image\\\/\",\"url\":\"https:\\\/\\\/i0.wp.com\\\/bjornfjell.com\\\/wp-content\\\/uploads\\\/2024\\\/07\\\/cropped-cropped-design-uten-navn-2.png?fit=936%2C210&ssl=1\",\"contentUrl\":\"https:\\\/\\\/i0.wp.com\\\/bjornfjell.com\\\/wp-content\\\/uploads\\\/2024\\\/07\\\/cropped-cropped-design-uten-navn-2.png?fit=936%2C210&ssl=1\",\"width\":936,\"height\":210,\"caption\":\"Bj\u00f8rnfjell Mountain Lodge\"},\"image\":{\"@id\":\"https:\\\/\\\/bjornfjell.com\\\/#\\\/schema\\\/logo\\\/image\\\/\"},\"sameAs\":[\"https:\\\/\\\/www.facebook.com\\\/bjornfjellmountainlodge\\\/\",\"https:\\\/\\\/www.instagram.com\\\/bjornfjellmountainlodge\\\/\"]},{\"@type\":\"Person\",\"@id\":\"https:\\\/\\\/bjornfjell.com\\\/#\\\/schema\\\/person\\\/1acf4a6329cc27463a97b8da130a4a3f\",\"name\":\"Bj\u00f8rnfjell Mountain Lodge\",\"image\":{\"@type\":\"ImageObject\",\"inLanguage\":\"nb-NO\",\"@id\":\"https:\\\/\\\/secure.gravatar.com\\\/avatar\\\/f468e7b98130d0e61972c610a754c0f78d922e7ce0057d29e7a382f690345061?s=96&d=identicon&r=g\",\"url\":\"https:\\\/\\\/secure.gravatar.com\\\/avatar\\\/f468e7b98130d0e61972c610a754c0f78d922e7ce0057d29e7a382f690345061?s=96&d=identicon&r=g\",\"contentUrl\":\"https:\\\/\\\/secure.gravatar.com\\\/avatar\\\/f468e7b98130d0e61972c610a754c0f78d922e7ce0057d29e7a382f690345061?s=96&d=identicon&r=g\",\"caption\":\"Bj\u00f8rnfjell Mountain Lodge\"},\"sameAs\":[\"http:\\\/\\\/bjornfjellmountainlodge.wordpress.com\"],\"url\":\"https:\\\/\\\/bjornfjell.com\\\/no\\\/author\\\/bjornfjellmountainlodge\\\/\"}]}<\/script>\n<!-- \/ Yoast SEO plugin. -->","yoast_head_json":{"title":"Strikkehelgen med Sisu utsatt til h\u00f8sten 2025 - Bj\u00f8rnfjell Mountain Lodge","description":"Strikkehelgen med Sisu er utsatt til h\u00f8sten 2025. Ny dato kommer snart!","robots":{"index":"index","follow":"follow","max-snippet":"max-snippet:-1","max-image-preview":"max-image-preview:large","max-video-preview":"max-video-preview:-1"},"canonical":"https:\/\/bjornfjell.com\/no\/2025\/03\/17\/strikkehelgen-med-sisu-utsatt-til-hosten-2025\/","og_locale":"nb_NO","og_type":"article","og_title":"Strikkehelgen med Sisu utsatt til h\u00f8sten 2025 - Bj\u00f8rnfjell Mountain Lodge","og_description":"Strikkehelgen med Sisu er utsatt til h\u00f8sten 2025. Ny dato kommer snart!","og_url":"https:\/\/bjornfjell.com\/no\/2025\/03\/17\/strikkehelgen-med-sisu-utsatt-til-hosten-2025\/","og_site_name":"Bj\u00f8rnfjell Mountain Lodge","article_publisher":"https:\/\/www.facebook.com\/bjornfjellmountainlodge\/","article_published_time":"2025-03-17T08:35:09+00:00","article_modified_time":"2025-07-23T10:44:46+00:00","og_image":[{"width":1080,"height":1080,"url":"https:\/\/bjornfjell.com\/wp-content\/uploads\/2025\/03\/STRIKKEHELG-MED-SISU-Utsatt.png","type":"image\/png"}],"author":"Bj\u00f8rnfjell Mountain Lodge","twitter_card":"summary_large_image","twitter_misc":{"Skrevet av":"Bj\u00f8rnfjell Mountain Lodge","Ansl. lesetid":"1 minutt"},"schema":{"@context":"https:\/\/schema.org","@graph":[{"@type":"Article","@id":"https:\/\/bjornfjell.com\/no\/2025\/03\/17\/strikkehelgen-med-sisu-utsatt-til-hosten-2025\/#article","isPartOf":{"@id":"https:\/\/bjornfjell.com\/no\/2025\/03\/17\/strikkehelgen-med-sisu-utsatt-til-hosten-2025\/"},"author":{"name":"Bj\u00f8rnfjell Mountain Lodge","@id":"https:\/\/bjornfjell.com\/#\/schema\/person\/1acf4a6329cc27463a97b8da130a4a3f"},"headline":"Strikkehelgen med Sisu utsatt til h\u00f8sten 2025","datePublished":"2025-03-17T08:35:09+00:00","dateModified":"2025-07-23T10:44:46+00:00","mainEntityOfPage":{"@id":"https:\/\/bjornfjell.com\/no\/2025\/03\/17\/strikkehelgen-med-sisu-utsatt-til-hosten-2025\/"},"wordCount":7,"publisher":{"@id":"https:\/\/bjornfjell.com\/#organization"},"image":{"@id":"https:\/\/bjornfjell.com\/no\/2025\/03\/17\/strikkehelgen-med-sisu-utsatt-til-hosten-2025\/#primaryimage"},"thumbnailUrl":"https:\/\/i0.wp.com\/bjornfjell.com\/wp-content\/uploads\/2025\/03\/STRIKKEHELG-MED-SISU-Utsatt.png?fit=1080%2C1080&ssl=1","articleSection":["Uncategorized @no"],"inLanguage":"nb-NO"},{"@type":"WebPage","@id":"https:\/\/bjornfjell.com\/no\/2025\/03\/17\/strikkehelgen-med-sisu-utsatt-til-hosten-2025\/","url":"https:\/\/bjornfjell.com\/no\/2025\/03\/17\/strikkehelgen-med-sisu-utsatt-til-hosten-2025\/","name":"Strikkehelgen med Sisu utsatt til h\u00f8sten 2025 - Bj\u00f8rnfjell Mountain Lodge","isPartOf":{"@id":"https:\/\/bjornfjell.com\/#website"},"primaryImageOfPage":{"@id":"https:\/\/bjornfjell.com\/no\/2025\/03\/17\/strikkehelgen-med-sisu-utsatt-til-hosten-2025\/#primaryimage"},"image":{"@id":"https:\/\/bjornfjell.com\/no\/2025\/03\/17\/strikkehelgen-med-sisu-utsatt-til-hosten-2025\/#primaryimage"},"thumbnailUrl":"https:\/\/i0.wp.com\/bjornfjell.com\/wp-content\/uploads\/2025\/03\/STRIKKEHELG-MED-SISU-Utsatt.png?fit=1080%2C1080&ssl=1","datePublished":"2025-03-17T08:35:09+00:00","dateModified":"2025-07-23T10:44:46+00:00","description":"Strikkehelgen med Sisu er utsatt til h\u00f8sten 2025. Ny dato kommer snart!","breadcrumb":{"@id":"https:\/\/bjornfjell.com\/no\/2025\/03\/17\/strikkehelgen-med-sisu-utsatt-til-hosten-2025\/#breadcrumb"},"inLanguage":"nb-NO","potentialAction":[{"@type":"ReadAction","target":["https:\/\/bjornfjell.com\/no\/2025\/03\/17\/strikkehelgen-med-sisu-utsatt-til-hosten-2025\/"]}]},{"@type":"ImageObject","inLanguage":"nb-NO","@id":"https:\/\/bjornfjell.com\/no\/2025\/03\/17\/strikkehelgen-med-sisu-utsatt-til-hosten-2025\/#primaryimage","url":"https:\/\/i0.wp.com\/bjornfjell.com\/wp-content\/uploads\/2025\/03\/STRIKKEHELG-MED-SISU-Utsatt.png?fit=1080%2C1080&ssl=1","contentUrl":"https:\/\/i0.wp.com\/bjornfjell.com\/wp-content\/uploads\/2025\/03\/STRIKKEHELG-MED-SISU-Utsatt.png?fit=1080%2C1080&ssl=1","width":1080,"height":1080},{"@type":"BreadcrumbList","@id":"https:\/\/bjornfjell.com\/no\/2025\/03\/17\/strikkehelgen-med-sisu-utsatt-til-hosten-2025\/#breadcrumb","itemListElement":[{"@type":"ListItem","position":1,"name":"Home","item":"https:\/\/bjornfjell.com\/no\/"},{"@type":"ListItem","position":2,"name":"Strikkehelgen med Sisu utsatt til h\u00f8sten 2025"}]},{"@type":"WebSite","@id":"https:\/\/bjornfjell.com\/#website","url":"https:\/\/bjornfjell.com\/","name":"Bj\u00f8rnfjell Mountain Lodge","description":"Authentic Norwegian Accommodation &amp; Arctic Adventures","publisher":{"@id":"https:\/\/bjornfjell.com\/#organization"},"potentialAction":[{"@type":"SearchAction","target":{"@type":"EntryPoint","urlTemplate":"https:\/\/bjornfjell.com\/?s={search_term_string}"},"query-input":{"@type":"PropertyValueSpecification","valueRequired":true,"valueName":"search_term_string"}}],"inLanguage":"nb-NO"},{"@type":"Organization","@id":"https:\/\/bjornfjell.com\/#organization","name":"Bj\u00f8rnfjell Mountain Lodge","url":"https:\/\/bjornfjell.com\/","logo":{"@type":"ImageObject","inLanguage":"nb-NO","@id":"https:\/\/bjornfjell.com\/#\/schema\/logo\/image\/","url":"https:\/\/i0.wp.com\/bjornfjell.com\/wp-content\/uploads\/2024\/07\/cropped-cropped-design-uten-navn-2.png?fit=936%2C210&ssl=1","contentUrl":"https:\/\/i0.wp.com\/bjornfjell.com\/wp-content\/uploads\/2024\/07\/cropped-cropped-design-uten-navn-2.png?fit=936%2C210&ssl=1","width":936,"height":210,"caption":"Bj\u00f8rnfjell Mountain Lodge"},"image":{"@id":"https:\/\/bjornfjell.com\/#\/schema\/logo\/image\/"},"sameAs":["https:\/\/www.facebook.com\/bjornfjellmountainlodge\/","https:\/\/www.instagram.com\/bjornfjellmountainlodge\/"]},{"@type":"Person","@id":"https:\/\/bjornfjell.com\/#\/schema\/person\/1acf4a6329cc27463a97b8da130a4a3f","name":"Bj\u00f8rnfjell Mountain Lodge","image":{"@type":"ImageObject","inLanguage":"nb-NO","@id":"https:\/\/secure.gravatar.com\/avatar\/f468e7b98130d0e61972c610a754c0f78d922e7ce0057d29e7a382f690345061?s=96&d=identicon&r=g","url":"https:\/\/secure.gravatar.com\/avatar\/f468e7b98130d0e61972c610a754c0f78d922e7ce0057d29e7a382f690345061?s=96&d=identicon&r=g","contentUrl":"https:\/\/secure.gravatar.com\/avatar\/f468e7b98130d0e61972c610a754c0f78d922e7ce0057d29e7a382f690345061?s=96&d=identicon&r=g","caption":"Bj\u00f8rnfjell Mountain Lodge"},"sameAs":["http:\/\/bjornfjellmountainlodge.wordpress.com"],"url":"https:\/\/bjornfjell.com\/no\/author\/bjornfjellmountainlodge\/"}]}},"jetpack_featured_media_url":"https:\/\/i0.wp.com\/bjornfjell.com\/wp-content\/uploads\/2025\/03\/STRIKKEHELG-MED-SISU-Utsatt.png?fit=1080%2C1080&ssl=1","uagb_featured_image_src":{"full":["https:\/\/i0.wp.com\/bjornfjell.com\/wp-content\/uploads\/2025\/03\/STRIKKEHELG-MED-SISU-Utsatt.png?fit=1080%2C1080&ssl=1",1080,1080,false],"thumbnail":["https:\/\/i0.wp.com\/bjornfjell.com\/wp-content\/uploads\/2025\/03\/STRIKKEHELG-MED-SISU-Utsatt.png?resize=150%2C150&ssl=1",150,150,true],"medium":["https:\/\/i0.wp.com\/bjornfjell.com\/wp-content\/uploads\/2025\/03\/STRIKKEHELG-MED-SISU-Utsatt.png?fit=300%2C300&ssl=1",300,300,true],"medium_large":["https:\/\/i0.wp.com\/bjornfjell.com\/wp-content\/uploads\/2025\/03\/STRIKKEHELG-MED-SISU-Utsatt.png?fit=768%2C768&ssl=1",768,768,true],"large":["https:\/\/i0.wp.com\/bjornfjell.com\/wp-content\/uploads\/2025\/03\/STRIKKEHELG-MED-SISU-Utsatt.png?fit=1024%2C1024&ssl=1",1024,1024,true],"1536x1536":["https:\/\/i0.wp.com\/bjornfjell.com\/wp-content\/uploads\/2025\/03\/STRIKKEHELG-MED-SISU-Utsatt.png?fit=1080%2C1080&ssl=1",1080,1080,true],"2048x2048":["https:\/\/i0.wp.com\/bjornfjell.com\/wp-content\/uploads\/2025\/03\/STRIKKEHELG-MED-SISU-Utsatt.png?fit=1080%2C1080&ssl=1",1080,1080,true],"newspack-article-block-landscape-large":["https:\/\/i0.wp.com\/bjornfjell.com\/wp-content\/uploads\/2025\/03\/STRIKKEHELG-MED-SISU-Utsatt.png?resize=1080%2C900&ssl=1",1080,900,true],"newspack-article-block-portrait-large":["https:\/\/i0.wp.com\/bjornfjell.com\/wp-content\/uploads\/2025\/03\/STRIKKEHELG-MED-SISU-Utsatt.png?resize=900%2C1080&ssl=1",900,1080,true],"newspack-article-block-square-large":["https:\/\/i0.wp.com\/bjornfjell.com\/wp-content\/uploads\/2025\/03\/STRIKKEHELG-MED-SISU-Utsatt.png?resize=1080%2C1080&ssl=1",1080,1080,true],"newspack-article-block-landscape-medium":["https:\/\/i0.wp.com\/bjornfjell.com\/wp-content\/uploads\/2025\/03\/STRIKKEHELG-MED-SISU-Utsatt.png?resize=800%2C600&ssl=1",800,600,true],"newspack-article-block-portrait-medium":["https:\/\/i0.wp.com\/bjornfjell.com\/wp-content\/uploads\/2025\/03\/STRIKKEHELG-MED-SISU-Utsatt.png?resize=600%2C800&ssl=1",600,800,true],"newspack-article-block-square-medium":["https:\/\/i0.wp.com\/bjornfjell.com\/wp-content\/uploads\/2025\/03\/STRIKKEHELG-MED-SISU-Utsatt.png?resize=800%2C800&ssl=1",800,800,true],"newspack-article-block-landscape-intermediate":["https:\/\/i0.wp.com\/bjornfjell.com\/wp-content\/uploads\/2025\/03\/STRIKKEHELG-MED-SISU-Utsatt.png?resize=600%2C450&ssl=1",600,450,true],"newspack-article-block-portrait-intermediate":["https:\/\/i0.wp.com\/bjornfjell.com\/wp-content\/uploads\/2025\/03\/STRIKKEHELG-MED-SISU-Utsatt.png?resize=450%2C600&ssl=1",450,600,true],"newspack-article-block-square-intermediate":["https:\/\/i0.wp.com\/bjornfjell.com\/wp-content\/uploads\/2025\/03\/STRIKKEHELG-MED-SISU-Utsatt.png?resize=600%2C600&ssl=1",600,600,true],"newspack-article-block-landscape-small":["https:\/\/i0.wp.com\/bjornfjell.com\/wp-content\/uploads\/2025\/03\/STRIKKEHELG-MED-SISU-Utsatt.png?resize=400%2C300&ssl=1",400,300,true],"newspack-article-block-portrait-small":["https:\/\/i0.wp.com\/bjornfjell.com\/wp-content\/uploads\/2025\/03\/STRIKKEHELG-MED-SISU-Utsatt.png?resize=300%2C400&ssl=1",300,400,true],"newspack-article-block-square-small":["https:\/\/i0.wp.com\/bjornfjell.com\/wp-content\/uploads\/2025\/03\/STRIKKEHELG-MED-SISU-Utsatt.png?resize=400%2C400&ssl=1",400,400,true],"newspack-article-block-landscape-tiny":["https:\/\/i0.wp.com\/bjornfjell.com\/wp-content\/uploads\/2025\/03\/STRIKKEHELG-MED-SISU-Utsatt.png?resize=200%2C150&ssl=1",200,150,true],"newspack-article-block-portrait-tiny":["https:\/\/i0.wp.com\/bjornfjell.com\/wp-content\/uploads\/2025\/03\/STRIKKEHELG-MED-SISU-Utsatt.png?resize=150%2C200&ssl=1",150,200,true],"newspack-article-block-square-tiny":["https:\/\/i0.wp.com\/bjornfjell.com\/wp-content\/uploads\/2025\/03\/STRIKKEHELG-MED-SISU-Utsatt.png?resize=200%2C200&ssl=1",200,200,true],"newspack-article-block-uncropped":["https:\/\/i0.wp.com\/bjornfjell.com\/wp-content\/uploads\/2025\/03\/STRIKKEHELG-MED-SISU-Utsatt.png?fit=1080%2C1080&ssl=1",1080,1080,true]},"uagb_author_info":{"display_name":"Bj\u00f8rnfjell Mountain Lodge","author_link":"https:\/\/bjornfjell.com\/no\/author\/bjornfjellmountainlodge\/"},"uagb_comment_info":0,"uagb_excerpt":null,"jetpack_shortlink":"https:\/\/wp.me\/pfUHX1-TM","jetpack-related-posts":[],"jetpack_sharing_enabled":true,"_links":{"self":[{"href":"https:\/\/bjornfjell.com\/no\/wp-json\/wp\/v2\/posts\/3458","targetHints":{"allow":["GET"]}}],"collection":[{"href":"https:\/\/bjornfjell.com\/no\/wp-json\/wp\/v2\/posts"}],"about":[{"href":"https:\/\/bjornfjell.com\/no\/wp-json\/wp\/v2\/types\/post"}],"author":[{"embeddable":true,"href":"https:\/\/bjornfjell.com\/no\/wp-json\/wp\/v2\/users\/253302850"}],"replies":[{"embeddable":true,"href":"https:\/\/bjornfjell.com\/no\/wp-json\/wp\/v2\/comments?post=3458"}],"version-history":[{"count":2,"href":"https:\/\/bjornfjell.com\/no\/wp-json\/wp\/v2\/posts\/3458\/revisions"}],"predecessor-version":[{"id":3462,"href":"https:\/\/bjornfjell.com\/no\/wp-json\/wp\/v2\/posts\/3458\/revisions\/3462"}],"wp:featuredmedia":[{"embeddable":true,"href":"https:\/\/bjornfjell.com\/no\/wp-json\/wp\/v2\/media\/3459"}],"wp:attachment":[{"href":"https:\/\/bjornfjell.com\/no\/wp-json\/wp\/v2\/media?parent=3458"}],"wp:term":[{"taxonomy":"category","embeddable":true,"href":"https:\/\/bjornfjell.com\/no\/wp-json\/wp\/v2\/categories?post=3458"},{"taxonomy":"post_tag","embeddable":true,"href":"https:\/\/bjornfjell.com\/no\/wp-json\/wp\/v2\/tags?post=3458"}],"curies":[{"name":"wp","href":"https:\/\/api.w.org\/{rel}","templated":true}]}}